{"id":958,"date":"2014-02-22T14:50:30","date_gmt":"2014-02-22T14:50:30","guid":{"rendered":"http:\/\/cronicasyversiones.com\/?p=958"},"modified":"2014-02-22T14:50:30","modified_gmt":"2014-02-22T14:50:30","slug":"alex-de-la-iglesia-no-quiero-manchar-a-messi-con-mis-manias","status":"publish","type":"post","link":"http:\/\/cronicasyversiones.com\/?p=958","title":{"rendered":"Alex De la Iglesia: \u201cNo quiero manchar a Messi con mis man\u00edas\u201d"},"content":{"rendered":"<div style=\"padding-bottom:20px; padding-top:10px;\" class=\"hupso-share-buttons\"><!-- Hupso Share Buttons - https:\/\/www.hupso.com\/share\/ --><a class=\"hupso_counters\" href=\"https:\/\/www.hupso.com\/share\/\"><img decoding=\"async\" src=\"http:\/\/static.hupso.com\/share\/buttons\/lang\/es\/share-small.png\" style=\"border:0px; padding-top:2px; float:left;\" alt=\"Share Button\"\/><\/a><script type=\"text\/javascript\">var hupso_services_c=new Array(\"twitter\",\"facebook_like\",\"google\");var hupso_counters_lang = \"es_LA\";var hupso_image_folder_url = \"\";var hupso_twitter_via=\"crsyvrs\";var hupso_url_c=\"\";<\/script><script type=\"text\/javascript\" src=\"http:\/\/static.hupso.com\/share\/js\/counters.js\"><\/script><!-- Hupso Share Buttons --><\/div><h2 style=\"text-align: justify;\">El cineasta espa\u00f1ol registr\u00f3 en Rosario im\u00e1genes y testimonios para su documental sobre la vida del crack de la Selecci\u00f3n Argentina y el Barcelona. Fue nombrado Visitante Distinguido de esa ciudad.<\/h2>\n<p><a href=\"http:\/\/cronicasyversiones.com\/wp-content\/uploads\/2014\/02\/Alex.jpg\"><img loading=\"lazy\" decoding=\"async\" class=\"size-full wp-image-959 aligncenter\" alt=\"Alex\" src=\"http:\/\/cronicasyversiones.com\/wp-content\/uploads\/2014\/02\/Alex.jpg\" width=\"600\" height=\"346\" srcset=\"http:\/\/cronicasyversiones.com\/wp-content\/uploads\/2014\/02\/Alex.jpg 600w, http:\/\/cronicasyversiones.com\/wp-content\/uploads\/2014\/02\/Alex-300x173.jpg 300w\" sizes=\"auto, (max-width: 600px) 100vw, 600px\" \/><\/a><\/p>\n<p style=\"text-align: justify;\"><strong>Alex de la Iglesia<\/strong>, quien se encuentra en Rosario filmando un documental sobre<strong> Lionel Messi<\/strong>, fue nombrado como <strong>Visitante Distinguido<\/strong> de esa ciudad santafesina.<\/p>\n<p>\u201cEsta pel\u00edcula es un documental que quiere contar desde un punto de vista lo m\u00e1s cercano al personaje, c\u00f3mo nace y <strong>c\u00f3mo se origina el mito de Messi\u201d<\/strong>, afirm\u00f3 el cineasta luego de recibir la distinci\u00f3n.<\/p>\n<p>De la Iglesia, en conferencia de prensa,\u00a0 sostuvo que \u201cla pel\u00edcula tendr\u00e1 algo de m\u00ed, pero mi intenci\u00f3n es que sea una pel\u00edcula muy fiel al esp\u00edritu de Messi y <strong>no mancharla con mis man\u00edas<\/strong>\u201d.<\/p>\n<p>Consultado sobre el argumento del film, explic\u00f3 que \u201cla pel\u00edcula en realidad<strong> es dirigida por los entrevistados<\/strong>, por las personas que est\u00e1n cerca de Messi. Es un gui\u00f3n que se construye a base de entrevistas y nuestra investigaci\u00f3n acerca de los personajes que definen el origen del jugador\u201d.<\/p>\n<p>El director espa\u00f1ol subray\u00f3 el aporte de un grupo de amigos de \u201cLa Pulga\u201d, que \u201ccuentan cosas preciosas que nos han hecho rodar cosas que no ten\u00edamos pensadas, como una preciosa secuencia en el cementerio, una de las m\u00e1s bonitas de la pel\u00edcula\u201d.<\/p>\n<p>\u201cAll\u00ed <strong>Lionel va con sus amigos al cementerio a visitar a su abuela<\/strong> y casi que se juega la vida: siendo peque\u00f1o como es, hace un largo viaje para llegar al cementerio y al llegar junto a un amigo se da cuenta de lo importante que es su abuela para \u00e9l\u201d, agreg\u00f3 el cineasta. \u201cLuego tambi\u00e9n descubrimos por qu\u00e9 siempre le dedica los partidos a ella\u201d, a\u00f1adi\u00f3.<\/p>\n<p>\u201cUna de las cosas m\u00e1s bonitas de hacer el documental es que una persona que est\u00e1 muy lejana al mundo del f\u00fatbol como soy yo, es descubrir cosas maravillosas como es la pasi\u00f3n que ten\u00e9is en esta ciudad por el f\u00fatbol\u201d, afirm\u00f3 en relaci\u00f3n con los <strong>\u201cCanallas\u201d y los \u201cLeprosos\u201d.<\/strong><\/p>\n<p>\u201cPero no quiero que se vea ning\u00fan antagonismo, todo lo contrario, lo que me apetece es contar c\u00f3mo se vive de una manera arrebatadora, con una pasi\u00f3n inusual\u201d, sostuvo.<\/p>\n<p>\u201cCon eso se entiende al personaje, entiendes que alguien que ha llegado tan lejos y que se ha convertido en un \u00edcono del mundo en que vivimos provenga de una ciudad como \u00e9sta. <strong>No creo que un jugador como Lionel Messi pudiera haberse generado si no hubiera nacido en una ciudad como Rosario\u201d<\/strong>, agreg\u00f3.<\/p>\n<p>Seg\u00fan explic\u00f3 De la Iglesia, el documental no contar\u00e1 con testimonios del futbolista ni de sus familiares m\u00e1s cercanos, ya que decidieron no participar por el momento, aunque est\u00e1n al tanto del proyecto.<\/p>\n<p>Desde la producci\u00f3n confirmaron que la banda sonora estar\u00e1 a cargo del compositor<strong> Joan Valent<\/strong>, un colaborador habitual en los proyectos de De la Iglesia.<\/p>\n<p>Por \u00faltimo, advirtieron que la fecha de estreno no est\u00e1 definida, pero esperan que sea antes del pr\u00f3ximo<strong> Mundial de F\u00fatbol de Brasil.<\/strong><\/p>\n<div style=\"padding-bottom:20px; padding-top:10px;\" class=\"hupso-share-buttons\"><!-- Hupso Share Buttons - https:\/\/www.hupso.com\/share\/ --><a class=\"hupso_counters\" href=\"https:\/\/www.hupso.com\/share\/\"><img decoding=\"async\" src=\"http:\/\/static.hupso.com\/share\/buttons\/lang\/es\/share-small.png\" style=\"border:0px; padding-top:2px; float:left;\" alt=\"Share Button\"\/><\/a><script type=\"text\/javascript\">var hupso_services_c=new Array(\"twitter\",\"facebook_like\",\"google\");var hupso_counters_lang = \"es_LA\";var hupso_image_folder_url = \"\";var hupso_twitter_via=\"crsyvrs\";var hupso_url_c=\"\";<\/script><script type=\"text\/javascript\" src=\"http:\/\/static.hupso.com\/share\/js\/counters.js\"><\/script><!-- Hupso Share Buttons --><\/div> ","protected":false},"excerpt":{"rendered":"<div style=\"padding-bottom:20px; padding-top:10px;\" class=\"hupso-share-buttons\"><!-- Hupso Share Buttons - https:\/\/www.hupso.com\/share\/ --><a class=\"hupso_counters\" href=\"https:\/\/www.hupso.com\/share\/\"><img src=\"http:\/\/static.hupso.com\/share\/buttons\/lang\/es\/share-small.png\" style=\"border:0px; padding-top:2px; float:left;\" alt=\"Share Button\"\/><\/a><script type=\"text\/javascript\">var hupso_services_c=new Array(\"twitter\",\"facebook_like\",\"google\");var hupso_counters_lang = \"es_LA\";var hupso_image_folder_url = \"\";var hupso_twitter_via=\"crsyvrs\";var hupso_url_c=\"\";<\/script><script type=\"text\/javascript\" src=\"http:\/\/static.hupso.com\/share\/js\/counters.js\"><\/script><!-- Hupso Share Buttons --><\/div><p>El cineasta espa\u00f1ol registr\u00f3 en Rosario im\u00e1genes y testimonios para su documental sobre la vida del crack de la Selecci\u00f3n Argentina y el Barcelona. Fue nombrado Visitante Distinguido de esa ciudad. Alex de la Iglesia, quien se encuentra en&#46;&#46;&#46;<\/p>\n<div style=\"padding-bottom:20px; padding-top:10px;\" class=\"hupso-share-buttons\"><!-- Hupso Share Buttons - https:\/\/www.hupso.com\/share\/ --><a class=\"hupso_counters\" href=\"https:\/\/www.hupso.com\/share\/\"><img src=\"http:\/\/static.hupso.com\/share\/buttons\/lang\/es\/share-small.png\" style=\"border:0px; padding-top:2px; float:left;\" alt=\"Share Button\"\/><\/a><script type=\"text\/javascript\">var hupso_services_c=new Array(\"twitter\",\"facebook_like\",\"google\");var hupso_counters_lang = \"es_LA\";var hupso_image_folder_url = \"\";var hupso_twitter_via=\"crsyvrs\";var hupso_url_c=\"\";<\/script><script type=\"text\/javascript\" src=\"http:\/\/static.hupso.com\/share\/js\/counters.js\"><\/script><!-- Hupso Share Buttons --><\/div>","protected":false},"author":5,"featured_media":959,"comment_status":"open","ping_status":"open","sticky":false,"template":"","format":"standard","meta":{"footnotes":""},"categories":[4],"tags":[373,809,406,810,808],"class_list":["post-958","post","type-post","status-publish","format-standard","has-post-thumbnail","hentry","category-cine","tag-alex-de-la-iglesia","tag-documental-sobre-messi","tag-lionel-messi","tag-mundial-de-brasil","tag-rosario"],"_links":{"self":[{"href":"http:\/\/cronicasyversiones.com\/index.php?rest_route=\/wp\/v2\/posts\/958","targetHints":{"allow":["GET"]}}],"collection":[{"href":"http:\/\/cronicasyversiones.com\/index.php?rest_route=\/wp\/v2\/posts"}],"about":[{"href":"http:\/\/cronicasyversiones.com\/index.php?rest_route=\/wp\/v2\/types\/post"}],"author":[{"embeddable":true,"href":"http:\/\/cronicasyversiones.com\/index.php?rest_route=\/wp\/v2\/users\/5"}],"replies":[{"embeddable":true,"href":"http:\/\/cronicasyversiones.com\/index.php?rest_route=%2Fwp%2Fv2%2Fcomments&post=958"}],"version-history":[{"count":0,"href":"http:\/\/cronicasyversiones.com\/index.php?rest_route=\/wp\/v2\/posts\/958\/revisions"}],"wp:featuredmedia":[{"embeddable":true,"href":"http:\/\/cronicasyversiones.com\/index.php?rest_route=\/wp\/v2\/media\/959"}],"wp:attachment":[{"href":"http:\/\/cronicasyversiones.com\/index.php?rest_route=%2Fwp%2Fv2%2Fmedia&parent=958"}],"wp:term":[{"taxonomy":"category","embeddable":true,"href":"http:\/\/cronicasyversiones.com\/index.php?rest_route=%2Fwp%2Fv2%2Fcategories&post=958"},{"taxonomy":"post_tag","embeddable":true,"href":"http:\/\/cronicasyversiones.com\/index.php?rest_route=%2Fwp%2Fv2%2Ftags&post=958"}],"curies":[{"name":"wp","href":"https:\/\/api.w.org\/{rel}","templated":true}]}}