{"id":9595,"date":"2016-04-11T15:38:31","date_gmt":"2016-04-11T18:38:31","guid":{"rendered":"http:\/\/cronicasyversiones.com\/?p=9595"},"modified":"2016-04-11T15:38:31","modified_gmt":"2016-04-11T18:38:31","slug":"la-omision-de-la-familia-coleman-arranca-su-duodecima-temporada","status":"publish","type":"post","link":"http:\/\/cronicasyversiones.com\/?p=9595","title":{"rendered":"\u201cLa omisi\u00f3n de la familia Coleman\u201d arranca su duod\u00e9cima temporada"},"content":{"rendered":"<div style=\"padding-bottom:20px; padding-top:10px;\" class=\"hupso-share-buttons\"><!-- Hupso Share Buttons - https:\/\/www.hupso.com\/share\/ --><a class=\"hupso_counters\" href=\"https:\/\/www.hupso.com\/share\/\"><img decoding=\"async\" src=\"http:\/\/static.hupso.com\/share\/buttons\/lang\/es\/share-small.png\" style=\"border:0px; padding-top:2px; float:left;\" alt=\"Share Button\"\/><\/a><script type=\"text\/javascript\">var hupso_services_c=new Array(\"twitter\",\"facebook_like\",\"google\");var hupso_counters_lang = \"es_LA\";var hupso_image_folder_url = \"\";var hupso_twitter_via=\"crsyvrs\";var hupso_url_c=\"\";<\/script><script type=\"text\/javascript\" src=\"http:\/\/static.hupso.com\/share\/js\/counters.js\"><\/script><!-- Hupso Share Buttons --><\/div><h2>La obra, con dramaturgia y direcci\u00f3n de Claudio Tolcachir, vuelve a pisar las tablas en la sala Pablo Picasso del Paseo la Plaza luego de realizar 1700 funciones.<\/h2>\n<p style=\"text-align: justify;\"><img loading=\"lazy\" decoding=\"async\" class=\"aligncenter\" src=\"http:\/\/img.alternativateatral.com\/scripts\/es\/fotos\/obras\/original\/000101266.jpg\" alt=\"\" width=\"750\" height=\"497\" \/><br \/>\n<em><strong>\u201cLa omisi\u00f3n de la familia Coleman\u201d<\/strong><\/em>, una apuesta con dramaturgia y direcci\u00f3n de <strong>Claudio Tolcachir,<\/strong> vuelve a salir a escena de viernes a domingos, a partir del 33 de abril, y celebrar la duod\u00e9cima temporada de actividad teatral ininterrumpida, en la <strong>sala Pablo Picasso del Paseo la Plaza,<\/strong> ubicada en Corrientes 1660, en el Centro porte\u00f1o.<\/p>\n<p style=\"text-align: justify;\">La obra furor del off, que es aplaudida por los m\u00e1s diversos p\u00fablicos, cuenta con<strong> 1700 funciones brindadas,<\/strong> fue vista por 241.920 espectadores, lleva realizadas 305 funciones en el exterior y particip\u00f3 en 50 festivales internacionales visitando 22 pa\u00edses.<\/p>\n<p style=\"text-align: justify;\"><strong>Una familia viviendo al l\u00edmite de la disoluci\u00f3n,<\/strong> una disoluci\u00f3n evidente pero secreta; conviviendo en una casa que los contiene y los encierra, construyendo espacios personales dentro de los espacios compartidos, cada vez m\u00e1s complejos de conciliar.<\/p>\n<p style=\"text-align: justify;\">Una convivencia imposible transitada desde el absurdo devenir de lo cotidiano, donde <strong>lo violento se instala como natural<\/strong> y lo pat\u00e9tico se ignora por compartido.<\/p>\n<p style=\"text-align: justify;\">\u201cLa omisi\u00f3n de la familia Coleman <strong>es mucho m\u00e1s de lo hubi\u00e9ramos podido imaginar en cuanto a resultados<\/strong>. La cantidad de viajes, la posibilidad de vivir de nuestra vocaci\u00f3n, conociendo el mundo y recibiendo tanto reconocimiento es una alegr\u00eda que nunca se nos naturaliza y nos sigue sorprendiendo. Pero lo que m\u00e1s me enorgullece es haber podido, como equipo, compartir esta convivencia con alegr\u00eda. Deseamos que mucha gente conozca nuestro trabajo. Lo que nunca termina es nuestro deseo de seguir juntos\u201d asegura el director de la puesta.<\/p>\n<p style=\"text-align: justify;\">El elenco lo completan Cristina Maresca (Abuela), Miriam Odorico (Mem\u00e9), Inda Lavalle (Ver\u00f3nica), Fernando Sala (Marito), Tamara Kiper (Gabi), Diego Faturos (Dami\u00e1n), Gonzalo Ruiz (Hern\u00e1n) y Jorge Casta\u00f1o (M\u00e9dico).<\/p>\n<div style=\"padding-bottom:20px; padding-top:10px;\" class=\"hupso-share-buttons\"><!-- Hupso Share Buttons - https:\/\/www.hupso.com\/share\/ --><a class=\"hupso_counters\" href=\"https:\/\/www.hupso.com\/share\/\"><img decoding=\"async\" src=\"http:\/\/static.hupso.com\/share\/buttons\/lang\/es\/share-small.png\" style=\"border:0px; padding-top:2px; float:left;\" alt=\"Share Button\"\/><\/a><script type=\"text\/javascript\">var hupso_services_c=new Array(\"twitter\",\"facebook_like\",\"google\");var hupso_counters_lang = \"es_LA\";var hupso_image_folder_url = \"\";var hupso_twitter_via=\"crsyvrs\";var hupso_url_c=\"\";<\/script><script type=\"text\/javascript\" src=\"http:\/\/static.hupso.com\/share\/js\/counters.js\"><\/script><!-- Hupso Share Buttons --><\/div> ","protected":false},"excerpt":{"rendered":"<div style=\"padding-bottom:20px; padding-top:10px;\" class=\"hupso-share-buttons\"><!-- Hupso Share Buttons - https:\/\/www.hupso.com\/share\/ --><a class=\"hupso_counters\" href=\"https:\/\/www.hupso.com\/share\/\"><img src=\"http:\/\/static.hupso.com\/share\/buttons\/lang\/es\/share-small.png\" style=\"border:0px; padding-top:2px; float:left;\" alt=\"Share Button\"\/><\/a><script type=\"text\/javascript\">var hupso_services_c=new Array(\"twitter\",\"facebook_like\",\"google\");var hupso_counters_lang = \"es_LA\";var hupso_image_folder_url = \"\";var hupso_twitter_via=\"crsyvrs\";var hupso_url_c=\"\";<\/script><script type=\"text\/javascript\" src=\"http:\/\/static.hupso.com\/share\/js\/counters.js\"><\/script><!-- Hupso Share Buttons --><\/div><p>La obra, con dramaturgia y direcci\u00f3n de Claudio Tolcachir, vuelve a pisar las tablas en la sala Pablo Picasso del Paseo la Plaza luego de realizar 1700 funciones. \u201cLa omisi\u00f3n de la familia Coleman\u201d, una apuesta con dramaturgia y&#46;&#46;&#46;<\/p>\n<div style=\"padding-bottom:20px; padding-top:10px;\" class=\"hupso-share-buttons\"><!-- Hupso Share Buttons - https:\/\/www.hupso.com\/share\/ --><a class=\"hupso_counters\" href=\"https:\/\/www.hupso.com\/share\/\"><img src=\"http:\/\/static.hupso.com\/share\/buttons\/lang\/es\/share-small.png\" style=\"border:0px; padding-top:2px; float:left;\" alt=\"Share Button\"\/><\/a><script type=\"text\/javascript\">var hupso_services_c=new Array(\"twitter\",\"facebook_like\",\"google\");var hupso_counters_lang = \"es_LA\";var hupso_image_folder_url = \"\";var hupso_twitter_via=\"crsyvrs\";var hupso_url_c=\"\";<\/script><script type=\"text\/javascript\" src=\"http:\/\/static.hupso.com\/share\/js\/counters.js\"><\/script><!-- Hupso Share Buttons --><\/div>","protected":false},"author":5,"featured_media":0,"comment_status":"open","ping_status":"closed","sticky":false,"template":"","format":"standard","meta":{"footnotes":""},"categories":[5],"tags":[507,1447,504],"class_list":["post-9595","post","type-post","status-publish","format-standard","hentry","category-teatro","tag-claudio-tolcachir","tag-paseo-la-plaza","tag-la-omision-de-la-familia-coleman"],"_links":{"self":[{"href":"http:\/\/cronicasyversiones.com\/index.php?rest_route=\/wp\/v2\/posts\/9595","targetHints":{"allow":["GET"]}}],"collection":[{"href":"http:\/\/cronicasyversiones.com\/index.php?rest_route=\/wp\/v2\/posts"}],"about":[{"href":"http:\/\/cronicasyversiones.com\/index.php?rest_route=\/wp\/v2\/types\/post"}],"author":[{"embeddable":true,"href":"http:\/\/cronicasyversiones.com\/index.php?rest_route=\/wp\/v2\/users\/5"}],"replies":[{"embeddable":true,"href":"http:\/\/cronicasyversiones.com\/index.php?rest_route=%2Fwp%2Fv2%2Fcomments&post=9595"}],"version-history":[{"count":0,"href":"http:\/\/cronicasyversiones.com\/index.php?rest_route=\/wp\/v2\/posts\/9595\/revisions"}],"wp:attachment":[{"href":"http:\/\/cronicasyversiones.com\/index.php?rest_route=%2Fwp%2Fv2%2Fmedia&parent=9595"}],"wp:term":[{"taxonomy":"category","embeddable":true,"href":"http:\/\/cronicasyversiones.com\/index.php?rest_route=%2Fwp%2Fv2%2Fcategories&post=9595"},{"taxonomy":"post_tag","embeddable":true,"href":"http:\/\/cronicasyversiones.com\/index.php?rest_route=%2Fwp%2Fv2%2Ftags&post=9595"}],"curies":[{"name":"wp","href":"https:\/\/api.w.org\/{rel}","templated":true}]}}