{"id":9740,"date":"2016-04-19T00:01:55","date_gmt":"2016-04-19T03:01:55","guid":{"rendered":"http:\/\/cronicasyversiones.com\/?p=9740"},"modified":"2016-04-19T12:51:24","modified_gmt":"2016-04-19T15:51:24","slug":"entrepalabras-presenta-entreamigas-en-monte-grande","status":"publish","type":"post","link":"http:\/\/cronicasyversiones.com\/?p=9740","title":{"rendered":"Entrepalabras presenta \u201cEntreamigas\u201d en Monte Grande"},"content":{"rendered":"<div style=\"padding-bottom:20px; padding-top:10px;\" class=\"hupso-share-buttons\"><!-- Hupso Share Buttons - https:\/\/www.hupso.com\/share\/ --><a class=\"hupso_counters\" href=\"https:\/\/www.hupso.com\/share\/\"><img decoding=\"async\" src=\"http:\/\/static.hupso.com\/share\/buttons\/lang\/es\/share-small.png\" style=\"border:0px; padding-top:2px; float:left;\" alt=\"Share Button\"\/><\/a><script type=\"text\/javascript\">var hupso_services_c=new Array(\"twitter\",\"facebook_like\",\"google\");var hupso_counters_lang = \"es_LA\";var hupso_image_folder_url = \"\";var hupso_twitter_via=\"crsyvrs\";var hupso_url_c=\"\";<\/script><script type=\"text\/javascript\" src=\"http:\/\/static.hupso.com\/share\/js\/counters.js\"><\/script><!-- Hupso Share Buttons --><\/div><h2 style=\"text-align: justify;\">Para celebrar el D\u00eda del Libro, el grupo de narraci\u00f3n oral se presentar\u00e1 este s\u00e1bado 23, a las 18, en el centro cultural \u201cEl Galp\u00f3n de la Estaci\u00f3n\u201d. Como parte del ciclo \u201cLa escena local\u201d, las narradoras contar\u00e1n historias sobre la amistad.<\/h2>\n<p><img loading=\"lazy\" decoding=\"async\" class=\"aligncenter\" src=\"https:\/\/fbcdn-sphotos-b-a.akamaihd.net\/hphotos-ak-xft1\/v\/t1.0-9\/13043541_1565569140402956_6644654240238697508_n.jpg?oh=edbd730f3761d379d314471896cbf944&amp;oe=57B972F5&amp;__gda__=1471428500_1da573c7c60e6b08ab567e82e1c8dabc\" width=\"756\" height=\"567\" \/><\/p>\n<p style=\"text-align: justify;\">Seis amigas que se encuentran, como todos los a\u00f1os,<strong> a charlar y a reflexionar sobre el valor de la amistad.<\/strong> De esa celebraci\u00f3n, surgen historias de otros amigos, de la ni\u00f1ez, de la adolescencia y de la vida misma.<\/p>\n<p style=\"text-align: justify;\">El espect\u00e1culo de narraci\u00f3n oral <em><strong>\u201cEntreamigas\u201d<\/strong><\/em>, a cargo del grupo <strong>Entrepalabras,<\/strong> se presentar\u00e1 este s\u00e1bado a las 18 en el centro cultural <em><strong>\u201cEl galp\u00f3n de la estaci\u00f3n\u201d<\/strong><\/em>, M\u00e1ximo Paz 146, <strong>Monte Grande<\/strong> (Esteban Echeverr\u00eda).<\/p>\n<p style=\"text-align: justify;\">Como parte del ciclo<em><strong> \u201cLa escena local\u201d,<\/strong><\/em> coordinado por <strong>Luc\u00eda Pasqu\u00edn y Laura Casamayor,<\/strong> las seis narradoras se subir\u00e1n al escenario de \u201cEl galp\u00f3n&#8230;\u201d para contar cuentos de amigos y amigas que har\u00e1n al p\u00fablico emocionarse y tal vez sentirse identificado con alguna de las historias. O quiz\u00e1s con todas, por qu\u00e9 no.<\/p>\n<p style=\"text-align: justify;\">Invitadas por la secretar\u00eda de Cultura del Municipio de Esteban Echeverr\u00eda, las mujeres de Entrepalabras llegan al distrito con <strong>entrada libre y gratuita&#8230; y salida \u201ca la gorra\u201d.<\/strong><\/p>\n<p style=\"text-align: justify;\">Entrepalabras es un grupo de narraci\u00f3n oral fundado en diciembre de 2014. Desde entonces, se presenta en distintos espacios culturales de zona sur con diferentes espect\u00e1culos para adultos y para ni\u00f1os. Est\u00e1 integrado por las narradoras <strong>Natalia Arenas<\/strong><strong>, Mar\u00eda Isabel Giraldez, Roxana G\u00f3mez, Adriana Molina, Cristina Rodr\u00edguez, Betty Rubens y Victoria Russo<\/strong> (*).\u00a0 Todas mujeres de distintas generaciones, con distintas profesiones, ocupaciones y objetivos, pero con una pasi\u00f3n en com\u00fan: la de contar cuentos.<\/p>\n<p style=\"text-align: justify;\">(*) Es la formaci\u00f3n original. Para este espect\u00e1culo, no contar\u00e1n con la participaci\u00f3n de Mar\u00eda Isabel Giraldez.<\/p>\n<div style=\"padding-bottom:20px; padding-top:10px;\" class=\"hupso-share-buttons\"><!-- Hupso Share Buttons - https:\/\/www.hupso.com\/share\/ --><a class=\"hupso_counters\" href=\"https:\/\/www.hupso.com\/share\/\"><img decoding=\"async\" src=\"http:\/\/static.hupso.com\/share\/buttons\/lang\/es\/share-small.png\" style=\"border:0px; padding-top:2px; float:left;\" alt=\"Share Button\"\/><\/a><script type=\"text\/javascript\">var hupso_services_c=new Array(\"twitter\",\"facebook_like\",\"google\");var hupso_counters_lang = \"es_LA\";var hupso_image_folder_url = \"\";var hupso_twitter_via=\"crsyvrs\";var hupso_url_c=\"\";<\/script><script type=\"text\/javascript\" src=\"http:\/\/static.hupso.com\/share\/js\/counters.js\"><\/script><!-- Hupso Share Buttons --><\/div> ","protected":false},"excerpt":{"rendered":"<div style=\"padding-bottom:20px; padding-top:10px;\" class=\"hupso-share-buttons\"><!-- Hupso Share Buttons - https:\/\/www.hupso.com\/share\/ --><a class=\"hupso_counters\" href=\"https:\/\/www.hupso.com\/share\/\"><img src=\"http:\/\/static.hupso.com\/share\/buttons\/lang\/es\/share-small.png\" style=\"border:0px; padding-top:2px; float:left;\" alt=\"Share Button\"\/><\/a><script type=\"text\/javascript\">var hupso_services_c=new Array(\"twitter\",\"facebook_like\",\"google\");var hupso_counters_lang = \"es_LA\";var hupso_image_folder_url = \"\";var hupso_twitter_via=\"crsyvrs\";var hupso_url_c=\"\";<\/script><script type=\"text\/javascript\" src=\"http:\/\/static.hupso.com\/share\/js\/counters.js\"><\/script><!-- Hupso Share Buttons --><\/div><p>Para celebrar el D\u00eda del Libro, el grupo de narraci\u00f3n oral se presentar\u00e1 este s\u00e1bado 23, a las 18, en el centro cultural \u201cEl Galp\u00f3n de la Estaci\u00f3n\u201d. Como parte del ciclo \u201cLa escena local\u201d, las narradoras contar\u00e1n historias&#46;&#46;&#46;<\/p>\n<div style=\"padding-bottom:20px; padding-top:10px;\" class=\"hupso-share-buttons\"><!-- Hupso Share Buttons - https:\/\/www.hupso.com\/share\/ --><a class=\"hupso_counters\" href=\"https:\/\/www.hupso.com\/share\/\"><img src=\"http:\/\/static.hupso.com\/share\/buttons\/lang\/es\/share-small.png\" style=\"border:0px; padding-top:2px; float:left;\" alt=\"Share Button\"\/><\/a><script type=\"text\/javascript\">var hupso_services_c=new Array(\"twitter\",\"facebook_like\",\"google\");var hupso_counters_lang = \"es_LA\";var hupso_image_folder_url = \"\";var hupso_twitter_via=\"crsyvrs\";var hupso_url_c=\"\";<\/script><script type=\"text\/javascript\" src=\"http:\/\/static.hupso.com\/share\/js\/counters.js\"><\/script><!-- Hupso Share Buttons --><\/div>","protected":false},"author":5,"featured_media":0,"comment_status":"open","ping_status":"closed","sticky":false,"template":"","format":"standard","meta":{"footnotes":""},"categories":[7],"tags":[6498,1283],"class_list":["post-9740","post","type-post","status-publish","format-standard","hentry","category-literatura","tag-entre-palabras","tag-narracion-oral"],"_links":{"self":[{"href":"http:\/\/cronicasyversiones.com\/index.php?rest_route=\/wp\/v2\/posts\/9740","targetHints":{"allow":["GET"]}}],"collection":[{"href":"http:\/\/cronicasyversiones.com\/index.php?rest_route=\/wp\/v2\/posts"}],"about":[{"href":"http:\/\/cronicasyversiones.com\/index.php?rest_route=\/wp\/v2\/types\/post"}],"author":[{"embeddable":true,"href":"http:\/\/cronicasyversiones.com\/index.php?rest_route=\/wp\/v2\/users\/5"}],"replies":[{"embeddable":true,"href":"http:\/\/cronicasyversiones.com\/index.php?rest_route=%2Fwp%2Fv2%2Fcomments&post=9740"}],"version-history":[{"count":0,"href":"http:\/\/cronicasyversiones.com\/index.php?rest_route=\/wp\/v2\/posts\/9740\/revisions"}],"wp:attachment":[{"href":"http:\/\/cronicasyversiones.com\/index.php?rest_route=%2Fwp%2Fv2%2Fmedia&parent=9740"}],"wp:term":[{"taxonomy":"category","embeddable":true,"href":"http:\/\/cronicasyversiones.com\/index.php?rest_route=%2Fwp%2Fv2%2Fcategories&post=9740"},{"taxonomy":"post_tag","embeddable":true,"href":"http:\/\/cronicasyversiones.com\/index.php?rest_route=%2Fwp%2Fv2%2Ftags&post=9740"}],"curies":[{"name":"wp","href":"https:\/\/api.w.org\/{rel}","templated":true}]}}