{"id":9936,"date":"2016-05-02T00:02:54","date_gmt":"2016-05-02T03:02:54","guid":{"rendered":"http:\/\/cronicasyversiones.com\/?p=9936"},"modified":"2016-05-01T18:39:31","modified_gmt":"2016-05-01T21:39:31","slug":"terror-5-abre-el-blood-window-del-marche-du-film-de-cannes","status":"publish","type":"post","link":"http:\/\/cronicasyversiones.com\/?p=9936","title":{"rendered":"\u00abTerror 5\u00bb abre el Blood Window del Marche Du Film de Cannes"},"content":{"rendered":"<div style=\"padding-bottom:20px; padding-top:10px;\" class=\"hupso-share-buttons\"><!-- Hupso Share Buttons - https:\/\/www.hupso.com\/share\/ --><a class=\"hupso_counters\" href=\"https:\/\/www.hupso.com\/share\/\"><img decoding=\"async\" src=\"http:\/\/static.hupso.com\/share\/buttons\/lang\/es\/share-small.png\" style=\"border:0px; padding-top:2px; float:left;\" alt=\"Share Button\"\/><\/a><script type=\"text\/javascript\">var hupso_services_c=new Array(\"twitter\",\"facebook_like\",\"google\");var hupso_counters_lang = \"es_LA\";var hupso_image_folder_url = \"\";var hupso_twitter_via=\"crsyvrs\";var hupso_url_c=\"\";<\/script><script type=\"text\/javascript\" src=\"http:\/\/static.hupso.com\/share\/js\/counters.js\"><\/script><!-- Hupso Share Buttons --><\/div><h2 style=\"text-align: justify;\">Adem\u00e1s de la pel\u00edcula de los hermanos Rotstein, tambi\u00e9n se ver\u00e1 en esta secci\u00f3n el cortometraje \u00ab#Conexi\u00f3nReal\u00bb, protagonizado por Guillermo y Nicol\u00e1s Francella.<\/h2>\n<p style=\"text-align: justify;\"><img loading=\"lazy\" decoding=\"async\" class=\"aligncenter\" src=\"http:\/\/www.wernercine.com\/img\/terror-5\/Terror5_01.jpg\" width=\"764\" height=\"324\" \/><br \/>\nLa pel\u00edcula argentina <em><strong>\u00abTerror 5\u00bb<\/strong><\/em>, dirigida por<strong> Sebasti\u00e1n y Federico Rotstein<\/strong>, dejar\u00e1 inauguradas el pr\u00f3ximo viernes 13 de mayo las galas del <strong>Blood Window<\/strong> que se desarrollan en el <strong>Marche Du Film<\/strong> (Mercado del Filme), que se realiza junto al <strong>Festival de Cannes.<\/strong><\/p>\n<p style=\"text-align: justify;\"><em><strong>\u00abTerror 5\u00bb<\/strong> <\/em>cuenta cinco historias entrelazadas, fue rodada en cinco semanas de jornadas enteramente nocturnas, y est\u00e1 protagonizada por Rafael Ferro, Edgardo Castro, Berta Mu\u00f1iz. Juli\u00e1n Larquier Tellarini, Marcos Woinsky y Walter Corn\u00e1s.<\/p>\n<p style=\"text-align: justify;\">Las escenas esta pel\u00edcula, el primer largometraje de los hermanos Rotstein, sucedieron una noche y est\u00e1n, en algunos aspectos, <strong>basados en leyendas urbanas.<\/strong> Pero la noche de los eventos, los personajes enfrentaran al miedo en sus m\u00e1s variadas formas.<\/p>\n<p style=\"text-align: justify;\">En la gala inaugural tambi\u00e9n se ver\u00e1 el cortometraje argentino <em><strong>\u00ab#Conexi\u00f3nReal\u00bb,<\/strong> <\/em>dirigido por Nicol\u00e1s Cu\u00f1o y Jos\u00e9 Cicala y protagonizado por <strong>Guillermo y Nicol\u00e1s Francella,<\/strong> cuya tem\u00e1tica aborda la concientizaci\u00f3n sobre el uso responsable de la tecnolog\u00eda.<\/p>\n<p style=\"text-align: justify;\">La otra pel\u00edcula argentina que participar\u00e1 en las Galas del Blood Window es la comedia negra y thriller fant\u00e1stico <em><strong>\u00abLa valija de Benav\u00eddez\u00bb,<\/strong><\/em> dirigida por Laura Casab\u00e9, en la que participan <strong>Norma Aleandro <\/strong>y<strong> Jorge Marrale<\/strong>.<\/p>\n<div style=\"padding-bottom:20px; padding-top:10px;\" class=\"hupso-share-buttons\"><!-- Hupso Share Buttons - https:\/\/www.hupso.com\/share\/ --><a class=\"hupso_counters\" href=\"https:\/\/www.hupso.com\/share\/\"><img decoding=\"async\" src=\"http:\/\/static.hupso.com\/share\/buttons\/lang\/es\/share-small.png\" style=\"border:0px; padding-top:2px; float:left;\" alt=\"Share Button\"\/><\/a><script type=\"text\/javascript\">var hupso_services_c=new Array(\"twitter\",\"facebook_like\",\"google\");var hupso_counters_lang = \"es_LA\";var hupso_image_folder_url = \"\";var hupso_twitter_via=\"crsyvrs\";var hupso_url_c=\"\";<\/script><script type=\"text\/javascript\" src=\"http:\/\/static.hupso.com\/share\/js\/counters.js\"><\/script><!-- Hupso Share Buttons --><\/div> ","protected":false},"excerpt":{"rendered":"<div style=\"padding-bottom:20px; padding-top:10px;\" class=\"hupso-share-buttons\"><!-- Hupso Share Buttons - https:\/\/www.hupso.com\/share\/ --><a class=\"hupso_counters\" href=\"https:\/\/www.hupso.com\/share\/\"><img src=\"http:\/\/static.hupso.com\/share\/buttons\/lang\/es\/share-small.png\" style=\"border:0px; padding-top:2px; float:left;\" alt=\"Share Button\"\/><\/a><script type=\"text\/javascript\">var hupso_services_c=new Array(\"twitter\",\"facebook_like\",\"google\");var hupso_counters_lang = \"es_LA\";var hupso_image_folder_url = \"\";var hupso_twitter_via=\"crsyvrs\";var hupso_url_c=\"\";<\/script><script type=\"text\/javascript\" src=\"http:\/\/static.hupso.com\/share\/js\/counters.js\"><\/script><!-- Hupso Share Buttons --><\/div><p>Adem\u00e1s de la pel\u00edcula de los hermanos Rotstein, tambi\u00e9n se ver\u00e1 en esta secci\u00f3n el cortometraje \u00ab#Conexi\u00f3nReal\u00bb, protagonizado por Guillermo y Nicol\u00e1s Francella. La pel\u00edcula argentina \u00abTerror 5\u00bb, dirigida por Sebasti\u00e1n y Federico Rotstein, dejar\u00e1 inauguradas el pr\u00f3ximo viernes&#46;&#46;&#46;<\/p>\n<div style=\"padding-bottom:20px; padding-top:10px;\" class=\"hupso-share-buttons\"><!-- Hupso Share Buttons - https:\/\/www.hupso.com\/share\/ --><a class=\"hupso_counters\" href=\"https:\/\/www.hupso.com\/share\/\"><img src=\"http:\/\/static.hupso.com\/share\/buttons\/lang\/es\/share-small.png\" style=\"border:0px; padding-top:2px; float:left;\" alt=\"Share Button\"\/><\/a><script type=\"text\/javascript\">var hupso_services_c=new Array(\"twitter\",\"facebook_like\",\"google\");var hupso_counters_lang = \"es_LA\";var hupso_image_folder_url = \"\";var hupso_twitter_via=\"crsyvrs\";var hupso_url_c=\"\";<\/script><script type=\"text\/javascript\" src=\"http:\/\/static.hupso.com\/share\/js\/counters.js\"><\/script><!-- Hupso Share Buttons --><\/div>","protected":false},"author":5,"featured_media":0,"comment_status":"open","ping_status":"closed","sticky":false,"template":"","format":"standard","meta":{"footnotes":""},"categories":[4],"tags":[6572,4795,6570,971,2741,2878,4366,6571,6569],"class_list":["post-9936","post","type-post","status-publish","format-standard","hentry","category-cine","tag-conexionreal","tag-cine-de-terror","tag-federico-rotstein","tag-festival-de-cannes","tag-guillermo-francella","tag-jorge-marrale","tag-norma-aleandro","tag-sebastian-rotstein","tag-terror-5"],"_links":{"self":[{"href":"http:\/\/cronicasyversiones.com\/index.php?rest_route=\/wp\/v2\/posts\/9936","targetHints":{"allow":["GET"]}}],"collection":[{"href":"http:\/\/cronicasyversiones.com\/index.php?rest_route=\/wp\/v2\/posts"}],"about":[{"href":"http:\/\/cronicasyversiones.com\/index.php?rest_route=\/wp\/v2\/types\/post"}],"author":[{"embeddable":true,"href":"http:\/\/cronicasyversiones.com\/index.php?rest_route=\/wp\/v2\/users\/5"}],"replies":[{"embeddable":true,"href":"http:\/\/cronicasyversiones.com\/index.php?rest_route=%2Fwp%2Fv2%2Fcomments&post=9936"}],"version-history":[{"count":0,"href":"http:\/\/cronicasyversiones.com\/index.php?rest_route=\/wp\/v2\/posts\/9936\/revisions"}],"wp:attachment":[{"href":"http:\/\/cronicasyversiones.com\/index.php?rest_route=%2Fwp%2Fv2%2Fmedia&parent=9936"}],"wp:term":[{"taxonomy":"category","embeddable":true,"href":"http:\/\/cronicasyversiones.com\/index.php?rest_route=%2Fwp%2Fv2%2Fcategories&post=9936"},{"taxonomy":"post_tag","embeddable":true,"href":"http:\/\/cronicasyversiones.com\/index.php?rest_route=%2Fwp%2Fv2%2Ftags&post=9936"}],"curies":[{"name":"wp","href":"https:\/\/api.w.org\/{rel}","templated":true}]}}