{"id":9941,"date":"2016-05-02T00:01:05","date_gmt":"2016-05-02T03:01:05","guid":{"rendered":"http:\/\/cronicasyversiones.com\/?p=9941"},"modified":"2016-05-02T14:40:41","modified_gmt":"2016-05-02T17:40:41","slug":"acho-estol-presenta-su-libro-lo-que-hay-en-el-tasso","status":"publish","type":"post","link":"http:\/\/cronicasyversiones.com\/?p=9941","title":{"rendered":"Acho Estol presenta su libro \u201cLo que hay\u201d en el Tasso"},"content":{"rendered":"<div style=\"padding-bottom:20px; padding-top:10px;\" class=\"hupso-share-buttons\"><!-- Hupso Share Buttons - https:\/\/www.hupso.com\/share\/ --><a class=\"hupso_counters\" href=\"https:\/\/www.hupso.com\/share\/\"><img decoding=\"async\" src=\"http:\/\/static.hupso.com\/share\/buttons\/lang\/es\/share-small.png\" style=\"border:0px; padding-top:2px; float:left;\" alt=\"Share Button\"\/><\/a><script type=\"text\/javascript\">var hupso_services_c=new Array(\"twitter\",\"facebook_like\",\"google\");var hupso_counters_lang = \"es_LA\";var hupso_image_folder_url = \"\";var hupso_twitter_via=\"crsyvrs\";var hupso_url_c=\"\";<\/script><script type=\"text\/javascript\" src=\"http:\/\/static.hupso.com\/share\/js\/counters.js\"><\/script><!-- Hupso Share Buttons --><\/div><h2 style=\"text-align: justify;\">El compositor y cantante lanz\u00f3 esta publicaci\u00f3n que est\u00e1 conformada por 105 temas, todos editados en discos con su grupo La Chicana y\u00a0en sus \u00e1lbumes solistas.<\/h2>\n<p><img loading=\"lazy\" decoding=\"async\" class=\"aligncenter\" src=\"http:\/\/img.alternativateatral.com\/scripts\/es\/fotos\/obras\/original\/000137006.jpg\" width=\"600\" height=\"400\" \/><\/p>\n<p style=\"text-align: justify;\">El cantante y compositor <strong>Acho Estol<\/strong> presentar\u00e1 un libro con su l\u00edrica completa, <em><strong>\u00abLo que hay\u00bb,<\/strong> <\/em>el pr\u00f3ximo jueves a las 21 en el<strong> Centro Cultural Torquato Tasso<\/strong>, ubicado en Defensa 1575, en el barrio porte\u00f1o de San Telmo.<\/p>\n<p style=\"text-align: justify;\">El libro del integrante de <strong>La Chicana<\/strong> est\u00e1 conformado por 105 temas, todos editados en discos con su grupo La Chicana y\u00a0en sus \u00e1lbumes solistas.<\/p>\n<p style=\"text-align: justify;\">La publicaci\u00f3n, que cuenta con pr\u00f3logo de <strong>Juan Forn<\/strong>, fue editado por Editorial Autores de Argentina y fue presentado en la <strong>Feria Internacional del Libro de Buenos Aires.<\/strong> Se encuentra disponible en Zival&#8217;s (Corrientes y Callao) y en la misma editorial, (Padilla 1079) que realiza env\u00edos (tambi\u00e9n de los Cds) a todo el pa\u00eds.<\/p>\n<p style=\"text-align: justify;\">La presentaci\u00f3n contar\u00e1 con la participaci\u00f3n de los cantantes <strong>Cucuza Castiello, Manuel Moretti, Pablo Marchetti y Dolores Sol\u00e1.<\/strong><\/p>\n<p style=\"text-align: justify;\">Junto a los cantantes estar\u00e1n los m\u00fasicos Agust\u00edn Barbieri en percusi\u00f3n, Sebasti\u00e1n Zasali en bandone\u00f3n y piano, Carolina Rodr\u00edguez en viol\u00edn y Patricio Cotella en contrabajo.<\/p>\n<div style=\"padding-bottom:20px; padding-top:10px;\" class=\"hupso-share-buttons\"><!-- Hupso Share Buttons - https:\/\/www.hupso.com\/share\/ --><a class=\"hupso_counters\" href=\"https:\/\/www.hupso.com\/share\/\"><img decoding=\"async\" src=\"http:\/\/static.hupso.com\/share\/buttons\/lang\/es\/share-small.png\" style=\"border:0px; padding-top:2px; float:left;\" alt=\"Share Button\"\/><\/a><script type=\"text\/javascript\">var hupso_services_c=new Array(\"twitter\",\"facebook_like\",\"google\");var hupso_counters_lang = \"es_LA\";var hupso_image_folder_url = \"\";var hupso_twitter_via=\"crsyvrs\";var hupso_url_c=\"\";<\/script><script type=\"text\/javascript\" src=\"http:\/\/static.hupso.com\/share\/js\/counters.js\"><\/script><!-- Hupso Share Buttons --><\/div> ","protected":false},"excerpt":{"rendered":"<div style=\"padding-bottom:20px; padding-top:10px;\" class=\"hupso-share-buttons\"><!-- Hupso Share Buttons - https:\/\/www.hupso.com\/share\/ --><a class=\"hupso_counters\" href=\"https:\/\/www.hupso.com\/share\/\"><img src=\"http:\/\/static.hupso.com\/share\/buttons\/lang\/es\/share-small.png\" style=\"border:0px; padding-top:2px; float:left;\" alt=\"Share Button\"\/><\/a><script type=\"text\/javascript\">var hupso_services_c=new Array(\"twitter\",\"facebook_like\",\"google\");var hupso_counters_lang = \"es_LA\";var hupso_image_folder_url = \"\";var hupso_twitter_via=\"crsyvrs\";var hupso_url_c=\"\";<\/script><script type=\"text\/javascript\" src=\"http:\/\/static.hupso.com\/share\/js\/counters.js\"><\/script><!-- Hupso Share Buttons --><\/div><p>El compositor y cantante lanz\u00f3 esta publicaci\u00f3n que est\u00e1 conformada por 105 temas, todos editados en discos con su grupo La Chicana y\u00a0en sus \u00e1lbumes solistas. El cantante y compositor Acho Estol presentar\u00e1 un libro con su l\u00edrica completa,&#46;&#46;&#46;<\/p>\n<div style=\"padding-bottom:20px; padding-top:10px;\" class=\"hupso-share-buttons\"><!-- Hupso Share Buttons - https:\/\/www.hupso.com\/share\/ --><a class=\"hupso_counters\" href=\"https:\/\/www.hupso.com\/share\/\"><img src=\"http:\/\/static.hupso.com\/share\/buttons\/lang\/es\/share-small.png\" style=\"border:0px; padding-top:2px; float:left;\" alt=\"Share Button\"\/><\/a><script type=\"text\/javascript\">var hupso_services_c=new Array(\"twitter\",\"facebook_like\",\"google\");var hupso_counters_lang = \"es_LA\";var hupso_image_folder_url = \"\";var hupso_twitter_via=\"crsyvrs\";var hupso_url_c=\"\";<\/script><script type=\"text\/javascript\" src=\"http:\/\/static.hupso.com\/share\/js\/counters.js\"><\/script><!-- Hupso Share Buttons --><\/div>","protected":false},"author":5,"featured_media":0,"comment_status":"open","ping_status":"closed","sticky":false,"template":"","format":"standard","meta":{"footnotes":""},"categories":[7],"tags":[812,6578,813,811,6579,2406],"class_list":["post-9941","post","type-post","status-publish","format-standard","hentry","category-literatura","tag-acho-estol","tag-cucuza-castiello","tag-dolores-sola","tag-la-chicana","tag-manuel-moretti","tag-pablo-marchetti"],"_links":{"self":[{"href":"http:\/\/cronicasyversiones.com\/index.php?rest_route=\/wp\/v2\/posts\/9941","targetHints":{"allow":["GET"]}}],"collection":[{"href":"http:\/\/cronicasyversiones.com\/index.php?rest_route=\/wp\/v2\/posts"}],"about":[{"href":"http:\/\/cronicasyversiones.com\/index.php?rest_route=\/wp\/v2\/types\/post"}],"author":[{"embeddable":true,"href":"http:\/\/cronicasyversiones.com\/index.php?rest_route=\/wp\/v2\/users\/5"}],"replies":[{"embeddable":true,"href":"http:\/\/cronicasyversiones.com\/index.php?rest_route=%2Fwp%2Fv2%2Fcomments&post=9941"}],"version-history":[{"count":0,"href":"http:\/\/cronicasyversiones.com\/index.php?rest_route=\/wp\/v2\/posts\/9941\/revisions"}],"wp:attachment":[{"href":"http:\/\/cronicasyversiones.com\/index.php?rest_route=%2Fwp%2Fv2%2Fmedia&parent=9941"}],"wp:term":[{"taxonomy":"category","embeddable":true,"href":"http:\/\/cronicasyversiones.com\/index.php?rest_route=%2Fwp%2Fv2%2Fcategories&post=9941"},{"taxonomy":"post_tag","embeddable":true,"href":"http:\/\/cronicasyversiones.com\/index.php?rest_route=%2Fwp%2Fv2%2Ftags&post=9941"}],"curies":[{"name":"wp","href":"https:\/\/api.w.org\/{rel}","templated":true}]}}