{"id":9947,"date":"2016-05-03T00:00:28","date_gmt":"2016-05-03T03:00:28","guid":{"rendered":"http:\/\/cronicasyversiones.com\/?p=9947"},"modified":"2016-05-02T22:05:31","modified_gmt":"2016-05-03T01:05:31","slug":"traducen-el-principito-al-aymara","status":"publish","type":"post","link":"http:\/\/cronicasyversiones.com\/?p=9947","title":{"rendered":"Traducen \u201cEl Principito\u201d al aymara"},"content":{"rendered":"<div style=\"padding-bottom:20px; padding-top:10px;\" class=\"hupso-share-buttons\"><!-- Hupso Share Buttons - https:\/\/www.hupso.com\/share\/ --><a class=\"hupso_counters\" href=\"https:\/\/www.hupso.com\/share\/\"><img decoding=\"async\" src=\"http:\/\/static.hupso.com\/share\/buttons\/lang\/es\/share-small.png\" style=\"border:0px; padding-top:2px; float:left;\" alt=\"Share Button\"\/><\/a><script type=\"text\/javascript\">var hupso_services_c=new Array(\"twitter\",\"facebook_like\",\"google\");var hupso_counters_lang = \"es_LA\";var hupso_image_folder_url = \"\";var hupso_twitter_via=\"crsyvrs\";var hupso_url_c=\"\";<\/script><script type=\"text\/javascript\" src=\"http:\/\/static.hupso.com\/share\/js\/counters.js\"><\/script><!-- Hupso Share Buttons --><\/div><h2 style=\"text-align: justify;\">La obra m\u00e1s popular de Antoine de Saint-Exup\u00e9ry ya est\u00e1 disponible en esta lengua lengua hablada por m\u00e1s de 2 millones de personas en Per\u00fa, Bolivia, Chile y Argentina.<\/h2>\n<p><img loading=\"lazy\" decoding=\"async\" class=\"aligncenter\" src=\"http:\/\/www.laprensagrafica.com\/getattachment\/Content\/2015\/09\/03\/fam0309principito\/el-principito.gif.aspx\" width=\"624\" height=\"468\" \/><\/p>\n<p style=\"text-align: justify;\"><em><strong>\u201cEl Principito\u201d<\/strong><\/em>, \u00a0la obra m\u00e1s popular de <strong>Antoine de Saint-Exup\u00e9ry<\/strong> publicada en 1943, fue traducida por primera vez al aymara, una lengua hablada por m\u00e1s de 2 millones de personas en las zonas de la Cordillera de los Andes en los territorios de Per\u00fa, Bolivia, Chile y Argentina.<\/p>\n<p style=\"text-align: justify;\">La edici\u00f3n en aymara del libro del escritor y aviador frences, \u00a0<em><strong>\u201cPirinsipi Wawa\u201d,<\/strong><\/em> lleg\u00f3 a las librer\u00edas a trav\u00e9s \u00a0del editor argentino Javier Mer\u00e1s y, esta forma, suma una suma uno nueva traducci\u00f3n a las m\u00e1s de 200 que ya ten\u00eda hasta ahora.<\/p>\n<p style=\"text-align: justify;\">Por su parte, el dise\u00f1ador argentino <strong>Fabio Ares<\/strong> utiliz\u00f3 una fuente tipogr\u00e1fica para la portada que reconstruy\u00f3 de documentos impresos en Buenos Aires, \u00a0que se encontraban en la Real Imprenta de los Ni\u00f1os Exp\u00f3sitos, la \u00fanica que exist\u00eda durante el virreinato del R\u00edo de la Plata.<\/p>\n<p style=\"text-align: center;\"><strong><em>Esta tirada cuenta con dibujos en blanco y negro y en color y un mapa esquem\u00e1tico con la zona de influencia de la lengua aymara.<\/em> <\/strong><\/p>\n<p style=\"text-align: justify;\"><strong>Antoine de Saint-Exup\u00e9ry<\/strong> naci\u00f3 en Francia en 1900, \u00e9poca en la que apenas estaban apareciendo los primeros aviones, se form\u00f3 como piloto, y ah\u00ed comenzaron sus aventuras.<\/p>\n<p style=\"text-align: justify;\">El autor de <em><strong>\u201cEl Principito\u201d<\/strong><\/em> desapareci\u00f3 el 31 de julio de 1944 en el mar Mediterr\u00e1neo, frente a las costas de Marsella, tras ser alcanzado por un avi\u00f3n nazi durante la Segunda Guerra Mundial. Aunque otras versiones apuntan a que pudo sufrir un desvanecimiento por falta de ox\u00edgeno.<\/p>\n<p style=\"text-align: justify;\">Este aventurero plasm\u00f3 sus vivencias como piloto comercial en <em><strong>\u201cEl aviador\u201d<\/strong><\/em>(1926), \u201cCorreo del Sur\u201d (1928) y \u201cVuelo nocturno\u201d (1931), sus largos periodos en soledad y en el desierto en \u201cTierra de hombres\u201d (1939) y sus reconocimientos a\u00e9reos en 1939-1940 en \u201cPiloto de guerra\u201d.<\/p>\n<p style=\"text-align: justify;\">Tambi\u00e9n sus meditaciones, en \u201cCiudadela\u201d (1948), publicada p\u00f3stumamente, al igual que \u201cNotas de juventud\u201d (1953), \u201cCuadernos\u201d (1953), \u201cCartas a su madre\u201d (1955), \u201cEscritos de guerra\u201d (1982), \u201cManon, la bailarina\u201d (2007) y \u201cCartas a lo desconocido\u201d (2008).<\/p>\n<p style=\"text-align: justify;\">Vol\u00f3 por Europa, por la costa del norte y oeste de \u00c1frica, por Am\u00e9rica latina y lo hizo por trabajo, razones militares, placer o esp\u00edritu aventurero. Sufri\u00f3 dos aparatosos accidentes, en el desierto de Libia y en Guatemala. Sobrevivi\u00f3 a ambos.<\/p>\n<p style=\"text-align: justify;\">Durante su convalecencia del segundo, en Nueva York, escribi\u00f3 \u201cEl Principito\u201d, que dedic\u00f3 a su amigo L\u00e9on Werth, escondido en la Francia ocupada por los nazis, as\u00ed como \u201cCarta a un reh\u00e9n\u201d (1944).<\/p>\n<div style=\"padding-bottom:20px; padding-top:10px;\" class=\"hupso-share-buttons\"><!-- Hupso Share Buttons - https:\/\/www.hupso.com\/share\/ --><a class=\"hupso_counters\" href=\"https:\/\/www.hupso.com\/share\/\"><img decoding=\"async\" src=\"http:\/\/static.hupso.com\/share\/buttons\/lang\/es\/share-small.png\" style=\"border:0px; padding-top:2px; float:left;\" alt=\"Share Button\"\/><\/a><script type=\"text\/javascript\">var hupso_services_c=new Array(\"twitter\",\"facebook_like\",\"google\");var hupso_counters_lang = \"es_LA\";var hupso_image_folder_url = \"\";var hupso_twitter_via=\"crsyvrs\";var hupso_url_c=\"\";<\/script><script type=\"text\/javascript\" src=\"http:\/\/static.hupso.com\/share\/js\/counters.js\"><\/script><!-- Hupso Share Buttons --><\/div> ","protected":false},"excerpt":{"rendered":"<div style=\"padding-bottom:20px; padding-top:10px;\" class=\"hupso-share-buttons\"><!-- Hupso Share Buttons - https:\/\/www.hupso.com\/share\/ --><a class=\"hupso_counters\" href=\"https:\/\/www.hupso.com\/share\/\"><img src=\"http:\/\/static.hupso.com\/share\/buttons\/lang\/es\/share-small.png\" style=\"border:0px; padding-top:2px; float:left;\" alt=\"Share Button\"\/><\/a><script type=\"text\/javascript\">var hupso_services_c=new Array(\"twitter\",\"facebook_like\",\"google\");var hupso_counters_lang = \"es_LA\";var hupso_image_folder_url = \"\";var hupso_twitter_via=\"crsyvrs\";var hupso_url_c=\"\";<\/script><script type=\"text\/javascript\" src=\"http:\/\/static.hupso.com\/share\/js\/counters.js\"><\/script><!-- Hupso Share Buttons --><\/div><p>La obra m\u00e1s popular de Antoine de Saint-Exup\u00e9ry ya est\u00e1 disponible en esta lengua lengua hablada por m\u00e1s de 2 millones de personas en Per\u00fa, Bolivia, Chile y Argentina. \u201cEl Principito\u201d, \u00a0la obra m\u00e1s popular de Antoine de Saint-Exup\u00e9ry&#46;&#46;&#46;<\/p>\n<div style=\"padding-bottom:20px; padding-top:10px;\" class=\"hupso-share-buttons\"><!-- Hupso Share Buttons - https:\/\/www.hupso.com\/share\/ --><a class=\"hupso_counters\" href=\"https:\/\/www.hupso.com\/share\/\"><img src=\"http:\/\/static.hupso.com\/share\/buttons\/lang\/es\/share-small.png\" style=\"border:0px; padding-top:2px; float:left;\" alt=\"Share Button\"\/><\/a><script type=\"text\/javascript\">var hupso_services_c=new Array(\"twitter\",\"facebook_like\",\"google\");var hupso_counters_lang = \"es_LA\";var hupso_image_folder_url = \"\";var hupso_twitter_via=\"crsyvrs\";var hupso_url_c=\"\";<\/script><script type=\"text\/javascript\" src=\"http:\/\/static.hupso.com\/share\/js\/counters.js\"><\/script><!-- Hupso Share Buttons --><\/div>","protected":false},"author":5,"featured_media":0,"comment_status":"open","ping_status":"closed","sticky":false,"template":"","format":"standard","meta":{"footnotes":""},"categories":[7],"tags":[1115,6580,1114],"class_list":["post-9947","post","type-post","status-publish","format-standard","hentry","category-literatura","tag-antoine-de-saint-exupery","tag-aymara","tag-el-principito"],"_links":{"self":[{"href":"http:\/\/cronicasyversiones.com\/index.php?rest_route=\/wp\/v2\/posts\/9947","targetHints":{"allow":["GET"]}}],"collection":[{"href":"http:\/\/cronicasyversiones.com\/index.php?rest_route=\/wp\/v2\/posts"}],"about":[{"href":"http:\/\/cronicasyversiones.com\/index.php?rest_route=\/wp\/v2\/types\/post"}],"author":[{"embeddable":true,"href":"http:\/\/cronicasyversiones.com\/index.php?rest_route=\/wp\/v2\/users\/5"}],"replies":[{"embeddable":true,"href":"http:\/\/cronicasyversiones.com\/index.php?rest_route=%2Fwp%2Fv2%2Fcomments&post=9947"}],"version-history":[{"count":0,"href":"http:\/\/cronicasyversiones.com\/index.php?rest_route=\/wp\/v2\/posts\/9947\/revisions"}],"wp:attachment":[{"href":"http:\/\/cronicasyversiones.com\/index.php?rest_route=%2Fwp%2Fv2%2Fmedia&parent=9947"}],"wp:term":[{"taxonomy":"category","embeddable":true,"href":"http:\/\/cronicasyversiones.com\/index.php?rest_route=%2Fwp%2Fv2%2Fcategories&post=9947"},{"taxonomy":"post_tag","embeddable":true,"href":"http:\/\/cronicasyversiones.com\/index.php?rest_route=%2Fwp%2Fv2%2Ftags&post=9947"}],"curies":[{"name":"wp","href":"https:\/\/api.w.org\/{rel}","templated":true}]}}