{"id":9965,"date":"2016-05-04T15:53:39","date_gmt":"2016-05-04T18:53:39","guid":{"rendered":"http:\/\/cronicasyversiones.com\/?p=9965"},"modified":"2016-05-04T15:53:39","modified_gmt":"2016-05-04T18:53:39","slug":"la-vida-de-el-chapo-guzman-en-una-serie-de-history","status":"publish","type":"post","link":"http:\/\/cronicasyversiones.com\/?p=9965","title":{"rendered":"La vida de \u201cEl Chapo\u201d Guzm\u00e1n, en una serie de History"},"content":{"rendered":"<div style=\"padding-bottom:20px; padding-top:10px;\" class=\"hupso-share-buttons\"><!-- Hupso Share Buttons - https:\/\/www.hupso.com\/share\/ --><a class=\"hupso_counters\" href=\"https:\/\/www.hupso.com\/share\/\"><img decoding=\"async\" src=\"http:\/\/static.hupso.com\/share\/buttons\/lang\/es\/share-small.png\" style=\"border:0px; padding-top:2px; float:left;\" alt=\"Share Button\"\/><\/a><script type=\"text\/javascript\">var hupso_services_c=new Array(\"twitter\",\"facebook_like\",\"google\");var hupso_counters_lang = \"es_LA\";var hupso_image_folder_url = \"\";var hupso_twitter_via=\"crsyvrs\";var hupso_url_c=\"\";<\/script><script type=\"text\/javascript\" src=\"http:\/\/static.hupso.com\/share\/js\/counters.js\"><\/script><!-- Hupso Share Buttons --><\/div><h2 style=\"text-align: justify;\">La se\u00f1al prepara un env\u00edo que bucear\u00e1 en la guerra mundial contra las drogas a trav\u00e9s de la historia del capo narco mexicano.<\/h2>\n<p><img loading=\"lazy\" decoding=\"async\" class=\"aligncenter\" src=\"http:\/\/cdn.proceso.com.mx\/media\/2014\/02\/AP316191524936-c.jpg\" width=\"748\" height=\"525\" \/><\/p>\n<p>&nbsp;<\/p>\n<p style=\"text-align: justify;\"><strong>History Channel<\/strong> est\u00e1 desarrollando una serie de televisi\u00f3n que se centra en la figura del capo <strong>Joaqu\u00edn \u201cEl Chapo\u201d Guzm\u00e1n<\/strong>, que tendr\u00e1 a <em><strong>\u201cCartel\u201d<\/strong><\/em> como t\u00edtulo.<\/p>\n<p style=\"text-align: justify;\">Este env\u00edo bucear\u00e1 en la guerra mundial contra las drogas a trav\u00e9s de la historia de Joaqu\u00edn Guzm\u00e1n y el escritor y productor <strong>Chris Brancato<\/strong> se encargar\u00e1 del gui\u00f3n. Este guionista ya mostr\u00f3 sus credenciales en la serie de Netflix <em><strong>\u201cNarcos\u201d.<\/strong><\/em><\/p>\n<p style=\"text-align: justify;\">Durante el 2015 Guzm\u00e1n se escap\u00f3 de prisi\u00f3n y se encontraba pr\u00f3fugo cuando se reuni\u00f3 con la actriz mexicana<strong> Kate del Castillo<\/strong> y con <strong>Sean Penn<\/strong>. Este actor escribi\u00f3 sobre ese encuentro para la revista <strong>Rolling Stone.<\/strong><\/p>\n<p style=\"text-align: justify;\">Existen distintas versiones sobre si <strong>\u201cEl Chapo\u201d<\/strong> quer\u00eda discutir la realizaci\u00f3n de una pel\u00edcula sobre su vida o s\u00f3lo quer\u00eda conocer a la actriz. Las autoridades mexicanas dijeron que dicho encuentro ayud\u00f3 a la recaptura del capo en enero pasado.<\/p>\n<p style=\"text-align: justify;\">Por su parte, la historia del que actualmente es considerado el narco m\u00e1s poderoso del mundo fue retratada por el escritor y ex narcotraficante colombiano Andr\u00e9s L\u00f3pez L\u00f3pez en la serie <em><strong>\u201cEl var\u00f3n de la droga\u201d,<\/strong> <\/em>basada en la vida de este famoso narco mexicano, pr\u00f3fugo de la justicia.<\/p>\n<h2 style=\"text-align: justify;\"><\/h2>\n<h2 style=\"text-align: justify;\"><\/h2>\n<h2 style=\"text-align: justify;\"><\/h2>\n<h2 style=\"text-align: justify;\"><\/h2>\n<h2 style=\"text-align: justify;\"><\/h2>\n<h2 style=\"text-align: justify;\"><\/h2>\n<h2 style=\"text-align: justify;\"><\/h2>\n<h2 style=\"text-align: justify;\"><\/h2>\n<h2 style=\"text-align: justify;\"><\/h2>\n<h2 style=\"text-align: justify;\"><\/h2>\n<h2 style=\"text-align: justify;\"><\/h2>\n<h2 style=\"text-align: justify;\"><\/h2>\n<h2 style=\"text-align: justify;\"><\/h2>\n<h2 style=\"text-align: justify;\"><\/h2>\n<h2 style=\"text-align: justify;\"><\/h2>\n<h2 style=\"text-align: justify;\"><\/h2>\n<h2 style=\"text-align: justify;\"><\/h2>\n<p style=\"text-align: justify;\">\n<div style=\"padding-bottom:20px; padding-top:10px;\" class=\"hupso-share-buttons\"><!-- Hupso Share Buttons - https:\/\/www.hupso.com\/share\/ --><a class=\"hupso_counters\" href=\"https:\/\/www.hupso.com\/share\/\"><img decoding=\"async\" src=\"http:\/\/static.hupso.com\/share\/buttons\/lang\/es\/share-small.png\" style=\"border:0px; padding-top:2px; float:left;\" alt=\"Share Button\"\/><\/a><script type=\"text\/javascript\">var hupso_services_c=new Array(\"twitter\",\"facebook_like\",\"google\");var hupso_counters_lang = \"es_LA\";var hupso_image_folder_url = \"\";var hupso_twitter_via=\"crsyvrs\";var hupso_url_c=\"\";<\/script><script type=\"text\/javascript\" src=\"http:\/\/static.hupso.com\/share\/js\/counters.js\"><\/script><!-- Hupso Share Buttons --><\/div> ","protected":false},"excerpt":{"rendered":"<div style=\"padding-bottom:20px; padding-top:10px;\" class=\"hupso-share-buttons\"><!-- Hupso Share Buttons - https:\/\/www.hupso.com\/share\/ --><a class=\"hupso_counters\" href=\"https:\/\/www.hupso.com\/share\/\"><img src=\"http:\/\/static.hupso.com\/share\/buttons\/lang\/es\/share-small.png\" style=\"border:0px; padding-top:2px; float:left;\" alt=\"Share Button\"\/><\/a><script type=\"text\/javascript\">var hupso_services_c=new Array(\"twitter\",\"facebook_like\",\"google\");var hupso_counters_lang = \"es_LA\";var hupso_image_folder_url = \"\";var hupso_twitter_via=\"crsyvrs\";var hupso_url_c=\"\";<\/script><script type=\"text\/javascript\" src=\"http:\/\/static.hupso.com\/share\/js\/counters.js\"><\/script><!-- Hupso Share Buttons --><\/div><p>La se\u00f1al prepara un env\u00edo que bucear\u00e1 en la guerra mundial contra las drogas a trav\u00e9s de la historia del capo narco mexicano. &nbsp; History Channel est\u00e1 desarrollando una serie de televisi\u00f3n que se centra en la figura del&#46;&#46;&#46;<\/p>\n<div style=\"padding-bottom:20px; padding-top:10px;\" class=\"hupso-share-buttons\"><!-- Hupso Share Buttons - https:\/\/www.hupso.com\/share\/ --><a class=\"hupso_counters\" href=\"https:\/\/www.hupso.com\/share\/\"><img src=\"http:\/\/static.hupso.com\/share\/buttons\/lang\/es\/share-small.png\" style=\"border:0px; padding-top:2px; float:left;\" alt=\"Share Button\"\/><\/a><script type=\"text\/javascript\">var hupso_services_c=new Array(\"twitter\",\"facebook_like\",\"google\");var hupso_counters_lang = \"es_LA\";var hupso_image_folder_url = \"\";var hupso_twitter_via=\"crsyvrs\";var hupso_url_c=\"\";<\/script><script type=\"text\/javascript\" src=\"http:\/\/static.hupso.com\/share\/js\/counters.js\"><\/script><!-- Hupso Share Buttons --><\/div>","protected":false},"author":5,"featured_media":0,"comment_status":"open","ping_status":"closed","sticky":false,"template":"","format":"standard","meta":{"footnotes":""},"categories":[6],"tags":[720,6592,721,402,2915],"class_list":["post-9965","post","type-post","status-publish","format-standard","hentry","category-radio-y-tv","tag-chapo-guzman","tag-chris-brancato","tag-el-varon-de-la-droga","tag-history","tag-history-channel"],"_links":{"self":[{"href":"http:\/\/cronicasyversiones.com\/index.php?rest_route=\/wp\/v2\/posts\/9965","targetHints":{"allow":["GET"]}}],"collection":[{"href":"http:\/\/cronicasyversiones.com\/index.php?rest_route=\/wp\/v2\/posts"}],"about":[{"href":"http:\/\/cronicasyversiones.com\/index.php?rest_route=\/wp\/v2\/types\/post"}],"author":[{"embeddable":true,"href":"http:\/\/cronicasyversiones.com\/index.php?rest_route=\/wp\/v2\/users\/5"}],"replies":[{"embeddable":true,"href":"http:\/\/cronicasyversiones.com\/index.php?rest_route=%2Fwp%2Fv2%2Fcomments&post=9965"}],"version-history":[{"count":0,"href":"http:\/\/cronicasyversiones.com\/index.php?rest_route=\/wp\/v2\/posts\/9965\/revisions"}],"wp:attachment":[{"href":"http:\/\/cronicasyversiones.com\/index.php?rest_route=%2Fwp%2Fv2%2Fmedia&parent=9965"}],"wp:term":[{"taxonomy":"category","embeddable":true,"href":"http:\/\/cronicasyversiones.com\/index.php?rest_route=%2Fwp%2Fv2%2Fcategories&post=9965"},{"taxonomy":"post_tag","embeddable":true,"href":"http:\/\/cronicasyversiones.com\/index.php?rest_route=%2Fwp%2Fv2%2Ftags&post=9965"}],"curies":[{"name":"wp","href":"https:\/\/api.w.org\/{rel}","templated":true}]}}